[{"@context":"https:\/\/schema.org\/","@type":"Article","@id":"https:\/\/www.ponti.sk\/zblaznili-sme-sa-do-facebooku\/#Article","mainEntityOfPage":"https:\/\/www.ponti.sk\/zblaznili-sme-sa-do-facebooku\/","headline":"Zbl\u00e1znili sme sa do Facebooku?","name":"Zbl\u00e1znili sme sa do Facebooku?","description":"Fenom\u00e9n minul\u00e9ho desa\u0165ro\u010dia sa udr\u017eal a\u017e doteraz. Soci\u00e1lna sie\u0165, ktor\u00e1 mala sp\u00e1ja\u0165 len \u0161tudentov na univerzite dnes sp\u00e1ja miliardu \u013eud\u00ed. \u010ci u\u017e priate\u013eov, rodinu alebo cudzincov, ktor\u00ed si chc\u00fa poprezera\u0165 va\u0161e fotky. Kedy v\u0161ak hovor\u00edm o\u00a0chorobnej naviazanosti na slu\u017ebu, ktor\u00e1 sa zdala by\u0165 \u00faspe\u0161n\u00e1 a\u00a0revolu\u010dn\u00e1? Pre\u010do pr\u00e1ve Facebook?\u00a0\u00a0\u00a0\u00a0\u00a0\u00a0\u00a0\u00a0\u00a0\u00a0\u00a0\u00a0\u00a0\u00a0\u00a0\u00a0\u00a0\u00a0\u00a0\u00a0\u00a0\u00a0\u00a0\u00a0\u00a0 Je to doposia\u013e najv\u00e4\u010d\u0161ia soci\u00e1lna sie\u0165 a\u00a0spolu [&hellip;]","datePublished":"2019-11-11","dateModified":"2023-04-28","author":{"@type":"Person","@id":"https:\/\/www.ponti.sk\/author\/#Person","name":"","url":"https:\/\/www.ponti.sk\/author\/","identifier":1,"image":{"@type":"ImageObject","@id":"https:\/\/secure.gravatar.com\/avatar\/42264ea8f5170010011c6bbf811aa6c31c20ad3acf2a9bd21dca0746ea8c832a?s=96&d=mm&r=g","url":"https:\/\/secure.gravatar.com\/avatar\/42264ea8f5170010011c6bbf811aa6c31c20ad3acf2a9bd21dca0746ea8c832a?s=96&d=mm&r=g","height":96,"width":96}},"publisher":{"@type":"Organization","name":"ponti.sk","logo":{"@type":"ImageObject","@id":"\/logo.png","url":"\/logo.png","width":600,"height":60}},"image":{"@type":"ImageObject","@id":"https:\/\/www.ponti.sk\/wp-content\/uploads\/img_a300104_w16661_t1556467856.jpg","url":"https:\/\/www.ponti.sk\/wp-content\/uploads\/img_a300104_w16661_t1556467856.jpg","height":0,"width":0},"url":"https:\/\/www.ponti.sk\/zblaznili-sme-sa-do-facebooku\/","wordCount":382,"articleBody":"Fenom\u00e9n minul\u00e9ho desa\u0165ro\u010dia sa udr\u017eal a\u017e doteraz. Soci\u00e1lna sie\u0165, ktor\u00e1 mala sp\u00e1ja\u0165 len \u0161tudentov na univerzite dnes sp\u00e1ja miliardu \u013eud\u00ed. \u010ci u\u017e priate\u013eov, rodinu alebo cudzincov, ktor\u00ed si chc\u00fa poprezera\u0165 va\u0161e fotky. Kedy v\u0161ak hovor\u00edm o\u00a0chorobnej naviazanosti na slu\u017ebu, ktor\u00e1 sa zdala by\u0165 \u00faspe\u0161n\u00e1 a\u00a0revolu\u010dn\u00e1?Pre\u010do pr\u00e1ve Facebook?\u00a0\u00a0\u00a0\u00a0\u00a0\u00a0\u00a0\u00a0\u00a0\u00a0\u00a0\u00a0\u00a0\u00a0\u00a0\u00a0\u00a0\u00a0\u00a0\u00a0\u00a0\u00a0\u00a0\u00a0\u00a0 Je to doposia\u013e najv\u00e4\u010d\u0161ia soci\u00e1lna sie\u0165 a\u00a0spolu s\u00a0Instagramom m\u00e1 dosah na miliardy. To nie je zanedbate\u013en\u00e9 \u010d\u00edslo. Preto sa prev\u00e1dzka pri takejto vy\u0165a\u017eenosti ned\u00e1 st\u00e1le udr\u017ea\u0165. Ani s\u00a0peniazmi, ak\u00fdmi disponuj\u00fa, preto\u017ee sme videli \u0161ialenstvo, ktor\u00e9 postihlo be\u017en\u00fdch \u013eud\u00ed. Je v\u0161ak ot\u00e1zne, pre\u010do tento v\u00fdpadok nastal. Viacer\u00ed sa toti\u017e s\u00a0\u00fasmevom na per\u00e1ch p\u00fdtaj\u00fa, \u010di to nebol len soci\u00e1lny experiment, ako bud\u00fa u\u017e\u00edvatelia reagova\u0165.Dok\u00e1\u017eeme e\u0161te norm\u00e1lne \u017ei\u0165?\u0160tatisticky sa toti\u017e viac a\u00a0viac \u013eud\u00ed st\u00e1va z\u00e1visl\u00fdch na internete a\u00a0soci\u00e1lne siete s\u00fa ve\u013ekou \u010das\u0165ou v\u00a0rybn\u00edku. Mnoh\u00ed sa neraz zdr\u00e1haj\u00fa prizna\u0165, ako ve\u013emi sa ich \u017eivot zmenil s\u00a0pripojen\u00edm na internet. Dnes by sme po\u013eahky na\u0161li dom\u00e1cnos\u0165, ktor\u00e1 sa namiesto rozhovoru venuje \u010detovaniu alebo preh\u013ead\u00e1vaniu internetu. Mo\u017eno aj v\u010faka tomu by sme si mali uvedomi\u0165, \u017ee zop\u00e1r chv\u00ed\u013e oddychu od elektroniky by neprospelo len n\u00e1m a\u00a0zdraviu, ale aj vz\u0165ahom, ktor\u00e9 sa s\u00a0n\u00e1stupom aplik\u00e1ci\u00ed mali zlep\u0161i\u0165.Z\u00fafal\u00ed \u013eudia konaj\u00fa z\u00fafaloTo plat\u00ed hlavne u\u00a0nedo\u010dkavcov. Na internete sa mnoh\u00ed podelili o\u00a0tom, ako sa nefunguj\u00faci Facebook sna\u017eili spojazdni\u0165. \u00a0Jedni neprestajne re\u0161tartovali svoje zariadenia, druh\u00ed za\u0161li tak \u010faleko, \u017ee obnovili z\u00e1kladn\u00fa tov\u00e1rensk\u00fa in\u0161tal\u00e1ciu a\u00a0tak pri\u0161li o\u00a0v\u0161etky inform\u00e1cie. Na\u0161li sa aj tak\u00fd, \u010do si mysleli, \u017ee v\u00fdmena SIM karty bude na nie\u010do dobr\u00e1. Nakoniec, samotn\u00e9 vyu\u017e\u00edvanie nem\u00e1 ni\u010d spolo\u010dn\u00e9 so znalos\u0165ami o\u00a0sie\u0165ach alebo elektronike. A\u00a0\u010do ste robili vy v\u00a0nede\u013eu popoludn\u00ed? Sk\u00faste sa o\u00a0tom podeli\u0165 aspo\u0148 so svojimi zn\u00e1mymi, aby ste vedeli, ako na tom ste.                                                                                                                                                                                                                                                                                                                                                                                        3.7\/5 - (8 votes)        "},{"@context":"https:\/\/schema.org\/","@type":"BreadcrumbList","itemListElement":[{"@type":"ListItem","position":1,"name":"Zbl\u00e1znili sme sa do Facebooku?","item":"https:\/\/www.ponti.sk\/zblaznili-sme-sa-do-facebooku\/#breadcrumbitem"}]}]